{"id":314,"date":"2022-04-02T19:28:32","date_gmt":"2022-04-02T19:28:32","guid":{"rendered":"https:\/\/observatoriodainclusao.org.br\/?p=314"},"modified":"2022-04-02T19:28:32","modified_gmt":"2022-04-02T19:28:32","slug":"familias-do-observatorio-da-inclusao-participam-de-caminhada-pelo-dia-mundial-de-conscientizacao-do-autismo","status":"publish","type":"post","link":"https:\/\/observatoriodainclusao.org.br\/index.php\/2022\/04\/02\/familias-do-observatorio-da-inclusao-participam-de-caminhada-pelo-dia-mundial-de-conscientizacao-do-autismo\/","title":{"rendered":"Fam\u00edlias do Observat\u00f3rio da Inclus\u00e3o participam de caminhada pelo Dia Mundial de Conscientiza\u00e7\u00e3o do Autismo"},"content":{"rendered":"<p>O trajeto da caminhada ocorreu da Pra\u00e7a Bar\u00e3o de Guara\u00fana at\u00e9 o Gin\u00e1sio da Pessoa com Defici\u00eancia. Cr\u00e9dito: Gabriel Fonseca \/ Observat\u00f3rio da Inclus\u00e3o.<\/p>\n<p>Neste s\u00e1bado, 02 de abril, diversas fam\u00edlias que fazem parte do Observat\u00f3rio da Inclus\u00e3o participaram de caminhada promovida pela Aproaut para celebrar o Dia Mundial de Conscientiza\u00e7\u00e3o do Autismo. O trajeto ocorreu da Pra\u00e7a Bar\u00e3o de Guara\u00fana, em frente a Igreja dos Polacos at\u00e9 o Gin\u00e1sio da Pessoa com Defici\u00eancia. Os participantes utilizaram a cor azul para simbolizar a data, realizaram homenagens ao jovem autista R\u00f4mulo Borges, morto em 18 de fevereiro e pediram por mais respeito e inclus\u00e3o das pessoas com transtorno do espectro autista na sociedade, nas escolas e no mercado de trabalho.<\/p>\n<p>Origem da data<br \/>\nA cria\u00e7\u00e3o do Dia Mundial de Conscientiza\u00e7\u00e3o do Autismo foi feita pela Organiza\u00e7\u00e3o Mundial das Na\u00e7\u00f5es Unidas (ONU), em 18 de dezembro de 2007 e a primeira celebra\u00e7\u00e3o dessa data foi realizada em 2008. O Dia Internacional do Autismo tem por objetivo alertar a import\u00e2ncia do diagn\u00f3stico precoce do transtorno do espectro autista e informar a sociedade e o Poder P\u00fablico sobre as causas desse transtorno do neurodesenvolvimento, afim de derrubar preconceitos. O tema oficial da campanha do Dia Mundial do Autismo de 2022 \u00e9 \u201cLugar de Autista \u00e9 em todo lugar\u201d.<br \/>\nO transtorno do espectro autista afeta cerca de 70 milh\u00f5es de pessoas em todo o mundo. No Brasil, os dados sobre o autismo come\u00e7ar\u00e3o a ser introduzidos no Censo do IBGE de 2022 e o C\u00f3digo Internacional de Doen\u00e7as por meio da nova Cid 11 v\u00e1lida desde 1\u00ba de janeiro de 2022, trouxe v\u00e1rias mudan\u00e7as para a classifica\u00e7\u00e3o do diagn\u00f3stico do tea. Com rela\u00e7\u00e3o ao respeito aos direitos das pessoas com autismo, a coordenadora do Projeto Autitude e segunda tesoureira do Observat\u00f3rio da Inclus\u00e3o, Monique Rafaela Borgo comenta. &#8220;A comunidade necessita conhecer para acolher e precisa de informa\u00e7\u00f5es de qualidade para fazer o seu papel. E n\u00f3s do Observat\u00f3rio da Inclus\u00e3o e do Grupo Autitude levantamos essa bandeira de Informar a sociedade e estabelecer caminhos de levar essas informa\u00e7\u00f5es a todos.&#8221;, explica Monique.<\/p>\n","protected":false},"excerpt":{"rendered":"<p>O trajeto da caminhada ocorreu da Pra\u00e7a Bar\u00e3o de Guara\u00fana at\u00e9 o Gin\u00e1sio da Pessoa com Defici\u00eancia. Cr\u00e9dito: Gabriel Fonseca \/ Observat\u00f3rio da Inclus\u00e3o. Neste s\u00e1bado, 02 de abril, diversas fam\u00edlias que fazem parte do Observat\u00f3rio da Inclus\u00e3o participaram de caminhada promovida pela Aproaut para celebrar o Dia Mundial de Conscientiza\u00e7\u00e3o do Autismo. O trajeto [&hellip;]<\/p>\n","protected":false},"author":3,"featured_media":315,"comment_status":"open","ping_status":"closed","sticky":false,"template":"","format":"standard","meta":{"footnotes":""},"categories":[1],"tags":[],"class_list":["post-314","post","type-post","status-publish","format-standard","has-post-thumbnail","hentry","category-uncategorized"],"_links":{"self":[{"href":"https:\/\/observatoriodainclusao.org.br\/index.php\/wp-json\/wp\/v2\/posts\/314","targetHints":{"allow":["GET"]}}],"collection":[{"href":"https:\/\/observatoriodainclusao.org.br\/index.php\/wp-json\/wp\/v2\/posts"}],"about":[{"href":"https:\/\/observatoriodainclusao.org.br\/index.php\/wp-json\/wp\/v2\/types\/post"}],"author":[{"embeddable":true,"href":"https:\/\/observatoriodainclusao.org.br\/index.php\/wp-json\/wp\/v2\/users\/3"}],"replies":[{"embeddable":true,"href":"https:\/\/observatoriodainclusao.org.br\/index.php\/wp-json\/wp\/v2\/comments?post=314"}],"version-history":[{"count":1,"href":"https:\/\/observatoriodainclusao.org.br\/index.php\/wp-json\/wp\/v2\/posts\/314\/revisions"}],"predecessor-version":[{"id":316,"href":"https:\/\/observatoriodainclusao.org.br\/index.php\/wp-json\/wp\/v2\/posts\/314\/revisions\/316"}],"wp:featuredmedia":[{"embeddable":true,"href":"https:\/\/observatoriodainclusao.org.br\/index.php\/wp-json\/wp\/v2\/media\/315"}],"wp:attachment":[{"href":"https:\/\/observatoriodainclusao.org.br\/index.php\/wp-json\/wp\/v2\/media?parent=314"}],"wp:term":[{"taxonomy":"category","embeddable":true,"href":"https:\/\/observatoriodainclusao.org.br\/index.php\/wp-json\/wp\/v2\/categories?post=314"},{"taxonomy":"post_tag","embeddable":true,"href":"https:\/\/observatoriodainclusao.org.br\/index.php\/wp-json\/wp\/v2\/tags?post=314"}],"curies":[{"name":"wp","href":"https:\/\/api.w.org\/{rel}","templated":true}]}}