{"id":376,"date":"2023-02-13T13:21:31","date_gmt":"2023-02-13T13:21:31","guid":{"rendered":"https:\/\/observatoriodainclusao.org.br\/?p=376"},"modified":"2023-02-14T00:10:07","modified_gmt":"2023-02-14T00:10:07","slug":"representantes-do-observatorio-da-inclusao-sugerem-demandas-em-pre-conferencia-do-conselho-municipal-de-saude","status":"publish","type":"post","link":"https:\/\/observatoriodainclusao.org.br\/index.php\/2023\/02\/13\/representantes-do-observatorio-da-inclusao-sugerem-demandas-em-pre-conferencia-do-conselho-municipal-de-saude\/","title":{"rendered":"Representantes do Observat\u00f3rio da Inclus\u00e3o sugerem demandas em Pr\u00e9-Confer\u00eancia do Conselho Municipal de Sa\u00fade"},"content":{"rendered":"<p>Na \u00faltima quinta-feira, 09 de fevereiro, representantes do Observat\u00f3rio da Inclus\u00e3o participaram da Pr\u00e9-Confer\u00eancia do Conselho Municipal de Sa\u00fade, com a finalidade de requerer uma cadeira no Conselho e participar das decis\u00f5es sobre a aten\u00e7\u00e3o prim\u00e1ria e os demais tratamentos que dependem da gest\u00e3o p\u00fablica de sa\u00fade. Participaram da reuni\u00e3o a presidente do Observat\u00f3rio, Celia Carreira; a tesoureira Rosana da Cruz Silva; a segunda tesoureira Gislaine do Rocio Rocha Sim\u00f5es da Silva; o mediador judicial Denival Luiz de Oliveira e v\u00e1rias fam\u00edlias associadas ao instituto.<br \/>\nAs principais demandas levadas a reuni\u00e3o foram a falta de diagn\u00f3stico para autistas; o aumento da fila para consultas com neurologistas e psic\u00f3logos; capacita\u00e7\u00e3o dos profissionais de sa\u00fade para identifica\u00e7\u00e3o do transtorno do espectro autista; falta de multiprofissional para atender os autistas; cria\u00e7\u00e3o de um centro de especialidades; contrata\u00e7\u00e3o de m\u00e9dicos pediatras em diversas especialidades; transporte individualizado para pessoas com imunodefici\u00eancias, autismo e mobilidade reduzida; censo pela equipe municipal de sa\u00fade das fam\u00edlias de crian\u00e7as com defici\u00eancias e um centro de diagn\u00f3stico e tratamentos. Vale lembrar que a Confer\u00eancia Municipal de Sa\u00fade acontece entre os dias tr\u00eas e quatro de mar\u00e7o na Universidade Estadual de Ponta Grossa (Uepg).<\/p>\n","protected":false},"excerpt":{"rendered":"<p>Na \u00faltima quinta-feira, 09 de fevereiro, representantes do Observat\u00f3rio da Inclus\u00e3o participaram da Pr\u00e9-Confer\u00eancia do Conselho Municipal de Sa\u00fade, com a finalidade de requerer uma cadeira no Conselho e participar das decis\u00f5es sobre a aten\u00e7\u00e3o prim\u00e1ria e os demais tratamentos que dependem da gest\u00e3o p\u00fablica de sa\u00fade. Participaram da reuni\u00e3o a presidente do Observat\u00f3rio, Celia [&hellip;]<\/p>\n","protected":false},"author":3,"featured_media":378,"comment_status":"open","ping_status":"closed","sticky":false,"template":"","format":"standard","meta":{"footnotes":""},"categories":[1],"tags":[],"class_list":["post-376","post","type-post","status-publish","format-standard","has-post-thumbnail","hentry","category-uncategorized"],"_links":{"self":[{"href":"https:\/\/observatoriodainclusao.org.br\/index.php\/wp-json\/wp\/v2\/posts\/376","targetHints":{"allow":["GET"]}}],"collection":[{"href":"https:\/\/observatoriodainclusao.org.br\/index.php\/wp-json\/wp\/v2\/posts"}],"about":[{"href":"https:\/\/observatoriodainclusao.org.br\/index.php\/wp-json\/wp\/v2\/types\/post"}],"author":[{"embeddable":true,"href":"https:\/\/observatoriodainclusao.org.br\/index.php\/wp-json\/wp\/v2\/users\/3"}],"replies":[{"embeddable":true,"href":"https:\/\/observatoriodainclusao.org.br\/index.php\/wp-json\/wp\/v2\/comments?post=376"}],"version-history":[{"count":4,"href":"https:\/\/observatoriodainclusao.org.br\/index.php\/wp-json\/wp\/v2\/posts\/376\/revisions"}],"predecessor-version":[{"id":381,"href":"https:\/\/observatoriodainclusao.org.br\/index.php\/wp-json\/wp\/v2\/posts\/376\/revisions\/381"}],"wp:featuredmedia":[{"embeddable":true,"href":"https:\/\/observatoriodainclusao.org.br\/index.php\/wp-json\/wp\/v2\/media\/378"}],"wp:attachment":[{"href":"https:\/\/observatoriodainclusao.org.br\/index.php\/wp-json\/wp\/v2\/media?parent=376"}],"wp:term":[{"taxonomy":"category","embeddable":true,"href":"https:\/\/observatoriodainclusao.org.br\/index.php\/wp-json\/wp\/v2\/categories?post=376"},{"taxonomy":"post_tag","embeddable":true,"href":"https:\/\/observatoriodainclusao.org.br\/index.php\/wp-json\/wp\/v2\/tags?post=376"}],"curies":[{"name":"wp","href":"https:\/\/api.w.org\/{rel}","templated":true}]}}