{"id":433,"date":"2023-03-21T02:33:02","date_gmt":"2023-03-21T02:33:02","guid":{"rendered":"https:\/\/observatoriodainclusao.org.br\/?p=433"},"modified":"2023-03-21T02:33:02","modified_gmt":"2023-03-21T02:33:02","slug":"observatorio-da-inclusao-e-grupo-maes-down-promovem-caminhada-alusiva-ao-dia-mundial-da-sindrome-de-down","status":"publish","type":"post","link":"https:\/\/observatoriodainclusao.org.br\/index.php\/2023\/03\/21\/observatorio-da-inclusao-e-grupo-maes-down-promovem-caminhada-alusiva-ao-dia-mundial-da-sindrome-de-down\/","title":{"rendered":"Observat\u00f3rio da Inclus\u00e3o e Grupo M\u00e3es Down promovem caminhada alusiva ao Dia Mundial da S\u00edndrome de Down"},"content":{"rendered":"<p>Nesta ter\u00e7a, 21 de mar\u00e7o, Dia Mundial da S\u00edndrome de Down o Observat\u00f3rio da Inclus\u00e3o, em parceria com o Grupo M\u00e3es Down promovem no Lago de Olarias a caminhada com o lema &#8220;Fa\u00e7a com a gente, n\u00e3o pela gente!&#8221;. O evento acontece amanh\u00e3 \u00e0s 18h30. A caminhada busca incentivar a inclus\u00e3o e a participa\u00e7\u00e3o ativa das pessoas com s\u00edndrome de Down na sociedade. Essa iniciativa tem o objetivo de dar visibilidade e informar a popula\u00e7\u00e3o sobre a s\u00edndrome de Down.<\/p>\n","protected":false},"excerpt":{"rendered":"<p>Nesta ter\u00e7a, 21 de mar\u00e7o, Dia Mundial da S\u00edndrome de Down o Observat\u00f3rio da Inclus\u00e3o, em parceria com o Grupo M\u00e3es Down promovem no Lago de Olarias a caminhada com o lema &#8220;Fa\u00e7a com a gente, n\u00e3o pela gente!&#8221;. O evento acontece amanh\u00e3 \u00e0s 18h30. A caminhada busca incentivar a inclus\u00e3o e a participa\u00e7\u00e3o ativa [&hellip;]<\/p>\n","protected":false},"author":3,"featured_media":434,"comment_status":"open","ping_status":"closed","sticky":false,"template":"","format":"standard","meta":{"footnotes":""},"categories":[1],"tags":[],"class_list":["post-433","post","type-post","status-publish","format-standard","has-post-thumbnail","hentry","category-uncategorized"],"_links":{"self":[{"href":"https:\/\/observatoriodainclusao.org.br\/index.php\/wp-json\/wp\/v2\/posts\/433","targetHints":{"allow":["GET"]}}],"collection":[{"href":"https:\/\/observatoriodainclusao.org.br\/index.php\/wp-json\/wp\/v2\/posts"}],"about":[{"href":"https:\/\/observatoriodainclusao.org.br\/index.php\/wp-json\/wp\/v2\/types\/post"}],"author":[{"embeddable":true,"href":"https:\/\/observatoriodainclusao.org.br\/index.php\/wp-json\/wp\/v2\/users\/3"}],"replies":[{"embeddable":true,"href":"https:\/\/observatoriodainclusao.org.br\/index.php\/wp-json\/wp\/v2\/comments?post=433"}],"version-history":[{"count":1,"href":"https:\/\/observatoriodainclusao.org.br\/index.php\/wp-json\/wp\/v2\/posts\/433\/revisions"}],"predecessor-version":[{"id":435,"href":"https:\/\/observatoriodainclusao.org.br\/index.php\/wp-json\/wp\/v2\/posts\/433\/revisions\/435"}],"wp:featuredmedia":[{"embeddable":true,"href":"https:\/\/observatoriodainclusao.org.br\/index.php\/wp-json\/wp\/v2\/media\/434"}],"wp:attachment":[{"href":"https:\/\/observatoriodainclusao.org.br\/index.php\/wp-json\/wp\/v2\/media?parent=433"}],"wp:term":[{"taxonomy":"category","embeddable":true,"href":"https:\/\/observatoriodainclusao.org.br\/index.php\/wp-json\/wp\/v2\/categories?post=433"},{"taxonomy":"post_tag","embeddable":true,"href":"https:\/\/observatoriodainclusao.org.br\/index.php\/wp-json\/wp\/v2\/tags?post=433"}],"curies":[{"name":"wp","href":"https:\/\/api.w.org\/{rel}","templated":true}]}}